{"id":4800,"date":"2020-09-09T08:37:57","date_gmt":"2020-09-09T08:37:57","guid":{"rendered":"https:\/\/clickont.ftsnet.it\/la-huella-de-carbono-en-la-ganaderia-ecologica\/"},"modified":"2022-01-31T09:12:31","modified_gmt":"2022-01-31T09:12:31","slug":"la-huella-de-carbono-en-la-ganaderia-ecologica","status":"publish","type":"post","link":"https:\/\/clickont.ftsnet.it\/es\/la-huella-de-carbono-en-la-ganaderia-ecologica\/","title":{"rendered":"La huella de carbono en la ganader\u00eda ecol\u00f3gica"},"content":{"rendered":"<p>La Agencia Galega para la Calidad Alimentaria (AGACAL) organiza dos jornadas de estudio en profundidad sobre la huella de carbono en la ganader\u00eda ecol\u00f3gica.<br \/>\nDurante estos dos d\u00edas se abordar\u00e1n tres temas principales, en relaci\u00f3n con el desarrollo sostenible:<br \/>\n&#8211; Agricultura org\u00e1nica<br \/>\n&#8211; La huella de carbono<br \/>\n&#8211; El futuro de las certificaciones y posibilidades de mercado<\/p>\n<p><span style=\"font-family: Courier New, serif;\"><span style=\"font-size: small;\"><span style=\"font-family: Calibri, serif;\"><span style=\"font-size: medium;\"><span lang=\"es-ES\">Para mayor informaci\u00f3n:<\/span><\/span><\/span><\/span><\/span><\/p>\n<p><span style=\"font-family: Courier New, serif;\"><span style=\"font-size: small;\"><a href=\"https:\/\/www.craega.es\/wp-content\/uploads\/2020\/09\/2020-09-02-PROGRAMA-GANADERIA-ECO-CURTIS.pdf\"><span style=\"color: #1155cc;\"><span style=\"font-family: Calibri, serif;\"><span style=\"font-size: medium;\">https:\/\/www.craega.es\/wp-content\/uploads\/2020\/09\/2020-09-02-PROGRAMA-GANADERIA-ECO-CURTIS.pdf<\/span><\/span><\/span><\/a><\/span><\/span><\/p>\n<div class=\"clearfix\"><\/div>","protected":false},"excerpt":{"rendered":"<p>La Agencia Galega para la Calidad Alimentaria (AGACAL) organiza dos jornadas de estudio en profundidad sobre la huella de carbono en la ganader\u00eda ecol\u00f3gica. Durante estos dos d\u00edas se abordar\u00e1n tres temas principales, en relaci\u00f3n con el desarrollo sostenible: &#8211; Agricultura org\u00e1nica &#8211; La huella&#8230;<\/p>\n","protected":false},"author":6,"featured_media":4792,"comment_status":"closed","ping_status":"closed","sticky":false,"template":"","format":"standard","meta":[],"categories":[82],"tags":[],"acf":[],"yoast_head":"<!-- This site is optimized with the Yoast SEO plugin v18.4.1 - https:\/\/yoast.com\/wordpress\/plugins\/seo\/ -->\n<title>La huella de carbono en la ganader\u00eda ecol\u00f3gica - CliCK on T<\/title>\n<meta name=\"robots\" content=\"index, follow, max-snippet:-1, max-image-preview:large, max-video-preview:-1\" \/>\n<link rel=\"canonical\" href=\"https:\/\/clickont.ftsnet.it\/es\/la-huella-de-carbono-en-la-ganaderia-ecologica\/\" \/>\n<meta property=\"og:locale\" content=\"es_ES\" \/>\n<meta property=\"og:type\" content=\"article\" \/>\n<meta property=\"og:title\" content=\"La huella de carbono en la ganader\u00eda ecol\u00f3gica - CliCK on T\" \/>\n<meta property=\"og:description\" content=\"La Agencia Galega para la Calidad Alimentaria (AGACAL) organiza dos jornadas de estudio en profundidad sobre la huella de carbono en la ganader\u00eda ecol\u00f3gica. Durante estos dos d\u00edas se abordar\u00e1n tres temas principales, en relaci\u00f3n con el desarrollo sostenible: &#8211; Agricultura org\u00e1nica &#8211; La huella...\" \/>\n<meta property=\"og:url\" content=\"https:\/\/clickont.ftsnet.it\/es\/la-huella-de-carbono-en-la-ganaderia-ecologica\/\" \/>\n<meta property=\"og:site_name\" content=\"CliCK on T\" \/>\n<meta property=\"article:published_time\" content=\"2020-09-09T08:37:57+00:00\" \/>\n<meta property=\"article:modified_time\" content=\"2022-01-31T09:12:31+00:00\" \/>\n<meta property=\"og:image\" content=\"https:\/\/clickont.ftsnet.it\/wp-content\/uploads\/2022\/01\/1.png\" \/>\n\t<meta property=\"og:image:width\" content=\"1016\" \/>\n\t<meta property=\"og:image:height\" content=\"548\" \/>\n\t<meta property=\"og:image:type\" content=\"image\/png\" \/>\n<meta name=\"twitter:card\" content=\"summary_large_image\" \/>\n<meta name=\"twitter:label1\" content=\"Escrito por\" \/>\n\t<meta name=\"twitter:data1\" content=\"Admin Nkey\" \/>\n<script type=\"application\/ld+json\" class=\"yoast-schema-graph\">{\"@context\":\"https:\/\/schema.org\",\"@graph\":[{\"@type\":\"WebSite\",\"@id\":\"https:\/\/clickont.ftsnet.it\/#website\",\"url\":\"https:\/\/clickont.ftsnet.it\/\",\"name\":\"CliCK on T\",\"description\":\"Climate Change Knowledge on Training\",\"potentialAction\":[{\"@type\":\"SearchAction\",\"target\":{\"@type\":\"EntryPoint\",\"urlTemplate\":\"https:\/\/clickont.ftsnet.it\/?s={search_term_string}\"},\"query-input\":\"required name=search_term_string\"}],\"inLanguage\":\"es\"},{\"@type\":\"ImageObject\",\"@id\":\"https:\/\/clickont.ftsnet.it\/es\/la-huella-de-carbono-en-la-ganaderia-ecologica\/#primaryimage\",\"inLanguage\":\"es\",\"url\":\"https:\/\/clickont.ftsnet.it\/wp-content\/uploads\/2022\/01\/1.png\",\"contentUrl\":\"https:\/\/clickont.ftsnet.it\/wp-content\/uploads\/2022\/01\/1.png\",\"width\":1016,\"height\":548},{\"@type\":\"WebPage\",\"@id\":\"https:\/\/clickont.ftsnet.it\/es\/la-huella-de-carbono-en-la-ganaderia-ecologica\/#webpage\",\"url\":\"https:\/\/clickont.ftsnet.it\/es\/la-huella-de-carbono-en-la-ganaderia-ecologica\/\",\"name\":\"La huella de carbono en la ganader\u00eda ecol\u00f3gica - CliCK on T\",\"isPartOf\":{\"@id\":\"https:\/\/clickont.ftsnet.it\/#website\"},\"primaryImageOfPage\":{\"@id\":\"https:\/\/clickont.ftsnet.it\/es\/la-huella-de-carbono-en-la-ganaderia-ecologica\/#primaryimage\"},\"datePublished\":\"2020-09-09T08:37:57+00:00\",\"dateModified\":\"2022-01-31T09:12:31+00:00\",\"author\":{\"@id\":\"https:\/\/clickont.ftsnet.it\/#\/schema\/person\/c1386ab79a976201e992653141ab3e72\"},\"breadcrumb\":{\"@id\":\"https:\/\/clickont.ftsnet.it\/es\/la-huella-de-carbono-en-la-ganaderia-ecologica\/#breadcrumb\"},\"inLanguage\":\"es\",\"potentialAction\":[{\"@type\":\"ReadAction\",\"target\":[\"https:\/\/clickont.ftsnet.it\/es\/la-huella-de-carbono-en-la-ganaderia-ecologica\/\"]}]},{\"@type\":\"BreadcrumbList\",\"@id\":\"https:\/\/clickont.ftsnet.it\/es\/la-huella-de-carbono-en-la-ganaderia-ecologica\/#breadcrumb\",\"itemListElement\":[{\"@type\":\"ListItem\",\"position\":1,\"name\":\"Home\",\"item\":\"https:\/\/clickont.ftsnet.it\/es\/\"},{\"@type\":\"ListItem\",\"position\":2,\"name\":\"La huella de carbono en la ganader\u00eda ecol\u00f3gica\"}]},{\"@type\":\"Person\",\"@id\":\"https:\/\/clickont.ftsnet.it\/#\/schema\/person\/c1386ab79a976201e992653141ab3e72\",\"name\":\"Admin Nkey\",\"image\":{\"@type\":\"ImageObject\",\"@id\":\"https:\/\/clickont.ftsnet.it\/#personlogo\",\"inLanguage\":\"es\",\"url\":\"https:\/\/secure.gravatar.com\/avatar\/f70ba451ad28a04aa3ab9aaab5f5f0c1?s=96&d=mm&r=g\",\"contentUrl\":\"https:\/\/secure.gravatar.com\/avatar\/f70ba451ad28a04aa3ab9aaab5f5f0c1?s=96&d=mm&r=g\",\"caption\":\"Admin Nkey\"},\"url\":\"https:\/\/clickont.ftsnet.it\/es\/author\/adminnkeyeu\/\"}]}<\/script>\n<!-- \/ Yoast SEO plugin. -->","yoast_head_json":{"title":"La huella de carbono en la ganader\u00eda ecol\u00f3gica - CliCK on T","robots":{"index":"index","follow":"follow","max-snippet":"max-snippet:-1","max-image-preview":"max-image-preview:large","max-video-preview":"max-video-preview:-1"},"canonical":"https:\/\/clickont.ftsnet.it\/es\/la-huella-de-carbono-en-la-ganaderia-ecologica\/","og_locale":"es_ES","og_type":"article","og_title":"La huella de carbono en la ganader\u00eda ecol\u00f3gica - CliCK on T","og_description":"La Agencia Galega para la Calidad Alimentaria (AGACAL) organiza dos jornadas de estudio en profundidad sobre la huella de carbono en la ganader\u00eda ecol\u00f3gica. Durante estos dos d\u00edas se abordar\u00e1n tres temas principales, en relaci\u00f3n con el desarrollo sostenible: &#8211; Agricultura org\u00e1nica &#8211; La huella...","og_url":"https:\/\/clickont.ftsnet.it\/es\/la-huella-de-carbono-en-la-ganaderia-ecologica\/","og_site_name":"CliCK on T","article_published_time":"2020-09-09T08:37:57+00:00","article_modified_time":"2022-01-31T09:12:31+00:00","og_image":[{"width":1016,"height":548,"url":"https:\/\/clickont.ftsnet.it\/wp-content\/uploads\/2022\/01\/1.png","type":"image\/png"}],"twitter_card":"summary_large_image","twitter_misc":{"Escrito por":"Admin Nkey"},"schema":{"@context":"https:\/\/schema.org","@graph":[{"@type":"WebSite","@id":"https:\/\/clickont.ftsnet.it\/#website","url":"https:\/\/clickont.ftsnet.it\/","name":"CliCK on T","description":"Climate Change Knowledge on Training","potentialAction":[{"@type":"SearchAction","target":{"@type":"EntryPoint","urlTemplate":"https:\/\/clickont.ftsnet.it\/?s={search_term_string}"},"query-input":"required name=search_term_string"}],"inLanguage":"es"},{"@type":"ImageObject","@id":"https:\/\/clickont.ftsnet.it\/es\/la-huella-de-carbono-en-la-ganaderia-ecologica\/#primaryimage","inLanguage":"es","url":"https:\/\/clickont.ftsnet.it\/wp-content\/uploads\/2022\/01\/1.png","contentUrl":"https:\/\/clickont.ftsnet.it\/wp-content\/uploads\/2022\/01\/1.png","width":1016,"height":548},{"@type":"WebPage","@id":"https:\/\/clickont.ftsnet.it\/es\/la-huella-de-carbono-en-la-ganaderia-ecologica\/#webpage","url":"https:\/\/clickont.ftsnet.it\/es\/la-huella-de-carbono-en-la-ganaderia-ecologica\/","name":"La huella de carbono en la ganader\u00eda ecol\u00f3gica - CliCK on T","isPartOf":{"@id":"https:\/\/clickont.ftsnet.it\/#website"},"primaryImageOfPage":{"@id":"https:\/\/clickont.ftsnet.it\/es\/la-huella-de-carbono-en-la-ganaderia-ecologica\/#primaryimage"},"datePublished":"2020-09-09T08:37:57+00:00","dateModified":"2022-01-31T09:12:31+00:00","author":{"@id":"https:\/\/clickont.ftsnet.it\/#\/schema\/person\/c1386ab79a976201e992653141ab3e72"},"breadcrumb":{"@id":"https:\/\/clickont.ftsnet.it\/es\/la-huella-de-carbono-en-la-ganaderia-ecologica\/#breadcrumb"},"inLanguage":"es","potentialAction":[{"@type":"ReadAction","target":["https:\/\/clickont.ftsnet.it\/es\/la-huella-de-carbono-en-la-ganaderia-ecologica\/"]}]},{"@type":"BreadcrumbList","@id":"https:\/\/clickont.ftsnet.it\/es\/la-huella-de-carbono-en-la-ganaderia-ecologica\/#breadcrumb","itemListElement":[{"@type":"ListItem","position":1,"name":"Home","item":"https:\/\/clickont.ftsnet.it\/es\/"},{"@type":"ListItem","position":2,"name":"La huella de carbono en la ganader\u00eda ecol\u00f3gica"}]},{"@type":"Person","@id":"https:\/\/clickont.ftsnet.it\/#\/schema\/person\/c1386ab79a976201e992653141ab3e72","name":"Admin Nkey","image":{"@type":"ImageObject","@id":"https:\/\/clickont.ftsnet.it\/#personlogo","inLanguage":"es","url":"https:\/\/secure.gravatar.com\/avatar\/f70ba451ad28a04aa3ab9aaab5f5f0c1?s=96&d=mm&r=g","contentUrl":"https:\/\/secure.gravatar.com\/avatar\/f70ba451ad28a04aa3ab9aaab5f5f0c1?s=96&d=mm&r=g","caption":"Admin Nkey"},"url":"https:\/\/clickont.ftsnet.it\/es\/author\/adminnkeyeu\/"}]}},"_links":{"self":[{"href":"https:\/\/clickont.ftsnet.it\/es\/wp-json\/wp\/v2\/posts\/4800"}],"collection":[{"href":"https:\/\/clickont.ftsnet.it\/es\/wp-json\/wp\/v2\/posts"}],"about":[{"href":"https:\/\/clickont.ftsnet.it\/es\/wp-json\/wp\/v2\/types\/post"}],"author":[{"embeddable":true,"href":"https:\/\/clickont.ftsnet.it\/es\/wp-json\/wp\/v2\/users\/6"}],"replies":[{"embeddable":true,"href":"https:\/\/clickont.ftsnet.it\/es\/wp-json\/wp\/v2\/comments?post=4800"}],"version-history":[{"count":1,"href":"https:\/\/clickont.ftsnet.it\/es\/wp-json\/wp\/v2\/posts\/4800\/revisions"}],"predecessor-version":[{"id":4801,"href":"https:\/\/clickont.ftsnet.it\/es\/wp-json\/wp\/v2\/posts\/4800\/revisions\/4801"}],"wp:featuredmedia":[{"embeddable":true,"href":"https:\/\/clickont.ftsnet.it\/es\/wp-json\/wp\/v2\/media\/4792"}],"wp:attachment":[{"href":"https:\/\/clickont.ftsnet.it\/es\/wp-json\/wp\/v2\/media?parent=4800"}],"wp:term":[{"taxonomy":"category","embeddable":true,"href":"https:\/\/clickont.ftsnet.it\/es\/wp-json\/wp\/v2\/categories?post=4800"},{"taxonomy":"post_tag","embeddable":true,"href":"https:\/\/clickont.ftsnet.it\/es\/wp-json\/wp\/v2\/tags?post=4800"}],"curies":[{"name":"wp","href":"https:\/\/api.w.org\/{rel}","templated":true}]}}